{"id":1440,"date":"2023-08-22T16:17:55","date_gmt":"2023-08-22T15:17:55","guid":{"rendered":"https:\/\/www.eikasia.it\/?p=1440"},"modified":"2024-08-08T06:07:25","modified_gmt":"2024-08-08T05:07:25","slug":"la-caverna-di-jose-saramago-recensione","status":"publish","type":"post","link":"https:\/\/www.eikasia.it\/index.php\/2023\/08\/22\/la-caverna-di-jose-saramago-recensione\/","title":{"rendered":"La caverna, di Jos\u00e9 Saramago: recensione"},"content":{"rendered":"\n<p><strong>A cura di Mariposa<\/strong><\/p>\n\n\n\n<p class=\"has-medium-font-size\">Occorre una buona dose di coraggio o di sfrontatezza per parlare tiepidamente di un romanzo del grande Saramago, scrittore geniale, oltre che Premio Nobel per la letteratura.<\/p>\n\n\n\n<p>In questo caso, sar\u00e0 forse per le aspettative troppo alte, data la mia formazione filosofica e il riferimento a Platone dell&#8217;intera opera, evidente fin dal titolo, devo dire che il romanzo non mi ha esaltato come gli altri, nel senso che, molto banalmente, mi aspettavo di pi\u00f9. A tratti l&#8217;ho trovato un po&#8217; pesante, troppo analitico nell&#8217;illustrare il lavoro di vasaio. Aggiungo subito per\u00f2 che vale decisamente la pena leggerlo, nonostante questa sensazione di sottofondo. <\/p>\n\n\n\n<p class=\"has-medium-font-size\">L&#8217;idea di interpretare la vita del vasaio, protagonista dell&#8217;opera con la sua famiglia e, al tempo stesso, l&#8217;intera contemporaneit\u00e0, attraverso il sempiterno mito della caverna, \u00e8 molto buona e la scrittura come sempre originale. Il libro, inoltre, offre spunti interessanti di riflessione sulla realt\u00e0 attuale.<\/p>\n\n\n\n<p><em>La caverna<\/em> di Saramago ripercorre il cambiamento di vita, che si impone al vasaio Cipriano Algor, nel momento in cui il misterioso Centro, che rappresenta il fulcro commerciale della zona, decide di interrompere il rapporto con la sua fornace, in quanto le stoviglie in ceramica non si vendono pi\u00f9, susclassate da quelle in plastica, mentre le statuine, proposte dalla figlia Marta come alternativa, non risultano gradite al consumatore moderno. <\/p>\n\n\n\n<p class=\"has-medium-font-size\">Nel frattempo, il genero di Cipriano, assunto come guardiano residente del Centro, vi si trasferisce con la moglie, accogliendo in casa anche il suocero, rimasto senza lavoro e dunque  impossibilitato a sposarsi con la vicina, che ne ricambia  l&#8217;amore. <\/p>\n\n\n\n<p>Inizia cos\u00ec, la nuova vita della famiglia Algor all&#8217;interno del Centro, una sorta di citt\u00e0 nella citt\u00e0, racchiusa tra mura spesse e finestre che non si possono aprire per non disperdere l&#8217;aria condizionata, che esprime la in modo molto efficace la modernit\u00e0. <\/p>\n\n\n\n<p class=\"has-medium-font-size\"><strong>Quella degli abitanti del Centro \u00e8 un&#8217;esistenza asettica e inautentica, condotta all&#8217;interno di una gabbia dorata.<\/strong> Il Centro \u00e8 una sorta di mondo parallelo che riproduce, imitandoli, gli ambienti e i paesaggi del mondo esterno, ricostruito in modo da dare a tutti uno scopo commerciale, di consumo. Un mondo che \u00e8 copia del mondo esterno, ma che presenta i tratti distintivi del modello, nella sua perfezione artificiale.<\/p>\n\n\n\n<p>Dentro, infatti, si vive un&#8217;esistenza agiata, comoda e consumistica, fatta di desideri indotti dalle tecniche pubblicitarie, governati dal marketing, che diventa esercizio di potere. Il mondo in cui si barattano la libert\u00e0 e l&#8217;autenticit\u00e0 per la sicurezza e il benessere, mentre l&#8217;essere si identifica con il consumare. Soddisfazione dei desideri e sicurezza hanno come contraltare non solo controllo, ma anche la repressione della curiosit\u00e0, dell&#8217;istinto di esplorazione connaturato all&#8217;uomo e della stessa volont\u00e0 di verit\u00e0, da ricercare andando oltre le apparenze.<\/p>\n\n\n\n<p class=\"has-medium-font-size\"><strong>Nessuno degli Algor \u00e8 convinto della scelta fatta, ma la svolta decisiva arriver\u00e0 soltanto con l&#8217;inquietante scoperta, nel sotterraneo del Centro, di un mistero, nel quale rispecchiarsi, per ritrovarsi nella propria umanit\u00e0. Il finale \u00e8 un invito ad uscire dalla caverna nella quale la modernit\u00e0 ci ha rinchiuso, a riveder le stelle e il sole che illumina ogni speranza.<\/strong><\/p>\n\n\n\n<p><\/p>\n\n\n\n<p><em>I diritti delle opere citate sono dei rispettivi proprietari.<\/em><\/p>\n\n\n\n<figure class=\"wp-block-image size-large\"><img loading=\"lazy\" decoding=\"async\" width=\"190\" height=\"300\" src=\"https:\/\/www.eikasia.it\/wp-content\/uploads\/2023\/08\/screenshot_20230822-171848971_17476741891700218232-190x300.jpg\" alt=\"\" class=\"wp-image-1442\" srcset=\"https:\/\/www.eikasia.it\/wp-content\/uploads\/2023\/08\/screenshot_20230822-171848971_17476741891700218232-190x300.jpg 190w, https:\/\/www.eikasia.it\/wp-content\/uploads\/2023\/08\/screenshot_20230822-171848971_17476741891700218232.jpg 647w\" sizes=\"auto, (max-width: 190px) 100vw, 190px\" \/><\/figure>\n","protected":false},"excerpt":{"rendered":"<p>A cura di Mariposa Occorre una buona dose di coraggio o di sfrontatezza per parlare tiepidamente di un romanzo del grande Saramago, scrittore geniale, oltre che Premio Nobel per la letteratura. In questo caso, sar\u00e0 forse per le aspettative troppo alte, data la mia formazione filosofica e il riferimento a Platone dell&#8217;intera opera, evidente fin &hellip; <\/p>\n<p class=\"link-more\"><a href=\"https:\/\/www.eikasia.it\/index.php\/2023\/08\/22\/la-caverna-di-jose-saramago-recensione\/\" class=\"more-link\">Leggi tutto<span class=\"screen-reader-text\"> &#8220;La caverna, di Jos\u00e9 Saramago: recensione&#8221;<\/span><\/a><\/p>\n","protected":false},"author":2,"featured_media":0,"comment_status":"open","ping_status":"open","sticky":false,"template":"","format":"standard","meta":{"footnotes":""},"categories":[1],"tags":[],"class_list":["post-1440","post","type-post","status-publish","format-standard","hentry","category-uncategorized"],"_links":{"self":[{"href":"https:\/\/www.eikasia.it\/index.php\/wp-json\/wp\/v2\/posts\/1440","targetHints":{"allow":["GET"]}}],"collection":[{"href":"https:\/\/www.eikasia.it\/index.php\/wp-json\/wp\/v2\/posts"}],"about":[{"href":"https:\/\/www.eikasia.it\/index.php\/wp-json\/wp\/v2\/types\/post"}],"author":[{"embeddable":true,"href":"https:\/\/www.eikasia.it\/index.php\/wp-json\/wp\/v2\/users\/2"}],"replies":[{"embeddable":true,"href":"https:\/\/www.eikasia.it\/index.php\/wp-json\/wp\/v2\/comments?post=1440"}],"version-history":[{"count":8,"href":"https:\/\/www.eikasia.it\/index.php\/wp-json\/wp\/v2\/posts\/1440\/revisions"}],"predecessor-version":[{"id":1534,"href":"https:\/\/www.eikasia.it\/index.php\/wp-json\/wp\/v2\/posts\/1440\/revisions\/1534"}],"wp:attachment":[{"href":"https:\/\/www.eikasia.it\/index.php\/wp-json\/wp\/v2\/media?parent=1440"}],"wp:term":[{"taxonomy":"category","embeddable":true,"href":"https:\/\/www.eikasia.it\/index.php\/wp-json\/wp\/v2\/categories?post=1440"},{"taxonomy":"post_tag","embeddable":true,"href":"https:\/\/www.eikasia.it\/index.php\/wp-json\/wp\/v2\/tags?post=1440"}],"curies":[{"name":"wp","href":"https:\/\/api.w.org\/{rel}","templated":true}]}}