{"id":1655,"date":"2025-05-27T20:06:29","date_gmt":"2025-05-27T19:06:29","guid":{"rendered":"https:\/\/www.eikasia.it\/?p=1655"},"modified":"2025-08-06T15:52:21","modified_gmt":"2025-08-06T14:52:21","slug":"al-cantautore-e-poeta-oliviero-malaspina-il-prestigioso-premio-civilia-2025","status":"publish","type":"post","link":"https:\/\/www.eikasia.it\/index.php\/2025\/05\/27\/al-cantautore-e-poeta-oliviero-malaspina-il-prestigioso-premio-civilia-2025\/","title":{"rendered":"Al cantautore e poeta Oliviero Malaspina il prestigioso Premio Civilia 2025"},"content":{"rendered":"\n<p><strong>A cura di Pasqualina Traccis<\/strong><\/p>\n\n\n\n<figure class=\"wp-block-image size-large\"><img loading=\"lazy\" decoding=\"async\" width=\"724\" height=\"1024\" src=\"https:\/\/www.eikasia.it\/wp-content\/uploads\/2025\/05\/fb_img_17465603984346064188399106507509-724x1024.jpg\" alt=\"\" class=\"wp-image-1654\" srcset=\"https:\/\/www.eikasia.it\/wp-content\/uploads\/2025\/05\/fb_img_17465603984346064188399106507509-724x1024.jpg 724w, https:\/\/www.eikasia.it\/wp-content\/uploads\/2025\/05\/fb_img_17465603984346064188399106507509-212x300.jpg 212w, https:\/\/www.eikasia.it\/wp-content\/uploads\/2025\/05\/fb_img_17465603984346064188399106507509-768x1087.jpg 768w, https:\/\/www.eikasia.it\/wp-content\/uploads\/2025\/05\/fb_img_17465603984346064188399106507509.jpg 1080w\" sizes=\"auto, (max-width: 724px) 100vw, 724px\" \/><figcaption class=\"wp-element-caption\">La locandina dell&#8217;evento <\/figcaption><\/figure>\n\n\n\n<p class=\"has-medium-font-size\"><strong>Il prestigioso Premio Civilia\u2013 Cultura, Parole e Musica- alla canzone d&#8217;Autore, 15^ edizione, \u00e8 stato assegnato al cantautore, poeta e scrittore Oliviero Malaspina.<\/strong><\/p>\n\n\n\n<p class=\"has-medium-font-size\">La premiazione \u00e8 avvenuta presso il teatro comunale di Nard\u00f2 (Lecce) il 24 maggio 2025. L\u2019artista pavese noto, tra le altre cose,\u00a0 per essere stato l&#8217;ultimo coautore di Fabrizio De Andr\u00e9, nella stesura degli incompiuti Notturni, non ha potuto presenziare alla cerimonia di premiazione per motivi indifferibili.\u00a0<\/p>\n\n\n\n<p class=\"has-medium-font-size\">Il suo ringraziamento \u00e8 arrivato con una nota scritta breve ma\u00a0 significativa, con la quale l&#8217;artista ha sottolineato il piacere e persino il dovere della condivisione dell&#8217;ennesimo riconoscimento con quanti hanno lavorato negli anni insieme al lui.<\/p>\n\n\n\n<p class=\"has-medium-font-size\">Sono quelle cose che spesso si dicono senza troppa enfasi e talvolta in maniera frettolosa,&nbsp; a chiusura di discorsi compiaciuti, fortemente incentrati sulla propria persona. <\/p>\n\n\n\n<p class=\"has-medium-font-size\">Oliviero Malaspina, invece, ne fa il succo e il senso del comunicato di ringraziamento rivolto alla commissione artistica e organizzativa, nella consapevolezza che nessun artista lavora e dunque merita da solo.<\/p>\n\n\n\n<p class=\"has-medium-font-size\">Cos\u00ec, mi vengono in mente tanti premi e riconoscimenti tributati ad artisti di ogni risma e livello. Il loro grazie ricolmo di ingratitudine per tutte quelle persone senza le quali non avrebbero n\u00e9 vinto n\u00e9 meritato alcunch\u00e9. Quasi che l&#8217;ammettere che la musica sia un lavoro di gruppo, anzich\u00e9 come garanzia&nbsp; di cura e di ricerca della qualit\u00e0 artistica, possa essere letto come il non essere abbastanza bravi per fare tutto da soli.&nbsp;<\/p>\n\n\n\n<p class=\"has-medium-font-size\">Quanti citano gli autori dei testi e delle musiche delle canzoni che cantano, durante i concerti? Quanti li ricordano nelle interviste o in occasione di un premio?&nbsp;<\/p>\n\n\n\n<p class=\"has-medium-font-size\">La riflessione devia dal tema dell&#8217;articolo, sebbene a mio avviso non troppo.&nbsp;<\/p>\n\n\n\n<p class=\"has-medium-font-size\"><strong>La\u00a0 canzone d&#8217;autore \u00e8 un patrimonio da preservare da una morte che molti danno per certa, nonostante qualche sussulto di speranza legato agli ultimi sviluppi della musica visibile, quella che viene distribuita e pubblicizzata a dovere, avendo di conseguenza\u00a0 la possibilit\u00e0 di essere\u00a0 apprezzata anche nel 2025<\/strong>.<\/p>\n\n\n\n<p class=\"has-medium-font-size\"><strong>Anche l&#8217;eterna ed eterea poesia non vive un momento d&#8217;oro sul piano editoriale, per ragioni affini di mercato e di involuzione socio-culturale<\/strong>.<\/p>\n\n\n\n<p class=\"has-medium-font-size\"><strong>Entrambe, rappresentano un baluardo di umanesimo, in una societ\u00e0 che ama definirsi progredita perch\u00e9 interpreta il cambiamento come vita, anzich\u00e9 il contrario. <\/strong><\/p>\n\n\n\n<p class=\"has-medium-font-size\">In un mondo pi\u00f9 calcolatore che razionale, c&#8217;\u00e8 un gran bisogno di bellezza, come rimedio che unisce sensibile e sovrasensibile, rimandando al senso. Perch\u00e9 le mode passano, come pure i generi letterari e musicali, ma gli uomini restano.&nbsp;<\/p>\n\n\n\n<p class=\"has-medium-font-size\">E alcuni sono ancora capaci di emozionare, stupire e raccontare in versi e musica.<\/p>\n\n\n\n<p class=\"has-medium-font-size\">Le canzoni di Oliviero Malaspina sono tra quelle che mi hanno allevata, a carezze e cazzotti, come fa la vita. <\/p>\n\n\n\n<p class=\"has-medium-font-size\">Le sue poesie mi hanno commossa, talvolta sbalordita, sovente scossa, in qualche caso perdonata.&nbsp;<\/p>\n\n\n\n<p class=\"has-medium-font-size\">Gli devo molte lacrime e pi\u00f9 di un sorriso, come essere umano intrappolato nella rete del proprio tempo, alla stregua di un pesce che piange e che ride, per dirla con il titolo di uno dei miei libri preferiti di Malaspina.<\/p>\n\n\n\n<p class=\"has-medium-font-size\">La poesia e la canzone d&#8217;autore vanno custodite e celebrate perch\u00e9 sono un fatto d&#8217;umanit\u00e0, puro e semplice. Come il ringraziamento condiviso di Oliviero Malaspina per questo ulteriore, meritatissimo, premio.&nbsp;<\/p>\n\n\n\n<p><\/p>\n\n\n\n<p>Per saperne di pi\u00f9 su Oliviero Malaspina:<\/p>\n\n\n\n<p><a href=\"https:\/\/it.m.wikipedia.org\/wiki\/Oliviero_Malaspina\">https:\/\/it.m.wikipedia.org\/wiki\/Oliviero_Malaspina<\/a><\/p>\n","protected":false},"excerpt":{"rendered":"<p>A cura di Pasqualina Traccis Il prestigioso Premio Civilia\u2013 Cultura, Parole e Musica- alla canzone d&#8217;Autore, 15^ edizione, \u00e8 stato assegnato al cantautore, poeta e scrittore Oliviero Malaspina. La premiazione \u00e8 avvenuta presso il teatro comunale di Nard\u00f2 (Lecce) il 24 maggio 2025. L\u2019artista pavese noto, tra le altre cose,\u00a0 per essere stato l&#8217;ultimo coautore &hellip; <\/p>\n<p class=\"link-more\"><a href=\"https:\/\/www.eikasia.it\/index.php\/2025\/05\/27\/al-cantautore-e-poeta-oliviero-malaspina-il-prestigioso-premio-civilia-2025\/\" class=\"more-link\">Leggi tutto<span class=\"screen-reader-text\"> &#8220;Al cantautore e poeta Oliviero Malaspina il prestigioso Premio Civilia 2025&#8221;<\/span><\/a><\/p>\n","protected":false},"author":2,"featured_media":0,"comment_status":"open","ping_status":"open","sticky":false,"template":"","format":"standard","meta":{"footnotes":""},"categories":[1],"tags":[],"class_list":["post-1655","post","type-post","status-publish","format-standard","hentry","category-uncategorized"],"_links":{"self":[{"href":"https:\/\/www.eikasia.it\/index.php\/wp-json\/wp\/v2\/posts\/1655","targetHints":{"allow":["GET"]}}],"collection":[{"href":"https:\/\/www.eikasia.it\/index.php\/wp-json\/wp\/v2\/posts"}],"about":[{"href":"https:\/\/www.eikasia.it\/index.php\/wp-json\/wp\/v2\/types\/post"}],"author":[{"embeddable":true,"href":"https:\/\/www.eikasia.it\/index.php\/wp-json\/wp\/v2\/users\/2"}],"replies":[{"embeddable":true,"href":"https:\/\/www.eikasia.it\/index.php\/wp-json\/wp\/v2\/comments?post=1655"}],"version-history":[{"count":5,"href":"https:\/\/www.eikasia.it\/index.php\/wp-json\/wp\/v2\/posts\/1655\/revisions"}],"predecessor-version":[{"id":1687,"href":"https:\/\/www.eikasia.it\/index.php\/wp-json\/wp\/v2\/posts\/1655\/revisions\/1687"}],"wp:attachment":[{"href":"https:\/\/www.eikasia.it\/index.php\/wp-json\/wp\/v2\/media?parent=1655"}],"wp:term":[{"taxonomy":"category","embeddable":true,"href":"https:\/\/www.eikasia.it\/index.php\/wp-json\/wp\/v2\/categories?post=1655"},{"taxonomy":"post_tag","embeddable":true,"href":"https:\/\/www.eikasia.it\/index.php\/wp-json\/wp\/v2\/tags?post=1655"}],"curies":[{"name":"wp","href":"https:\/\/api.w.org\/{rel}","templated":true}]}}