{"id":292,"date":"2019-02-25T14:54:44","date_gmt":"2019-02-25T13:54:44","guid":{"rendered":"https:\/\/www.eikasia.it\/?p=292"},"modified":"2024-08-08T06:45:54","modified_gmt":"2024-08-08T05:45:54","slug":"recensione-la-prossima-volta-saremo-felici-la-raccolta-di-racconti-di-oliviero-malaspina","status":"publish","type":"post","link":"https:\/\/www.eikasia.it\/index.php\/2019\/02\/25\/recensione-la-prossima-volta-saremo-felici-la-raccolta-di-racconti-di-oliviero-malaspina\/","title":{"rendered":"Recensione: La prossima volta saremo felici, la raccolta di racconti di Oliviero Malaspina"},"content":{"rendered":"\n<h4 class=\"wp-block-heading has-text-align-right\">A cura di Barbara Cardinale<\/h4>\n\n\n\n<figure class=\"wp-block-image\"><img loading=\"lazy\" decoding=\"async\" width=\"183\" height=\"300\" src=\"https:\/\/www.eikasia.it\/wp-content\/uploads\/2019\/02\/9788895369501_0_0_300_751266130450648942694.jpg\" alt=\"\" class=\"wp-image-291\"\/><\/figure>\n\n\n\n<p class=\"has-drop-cap has-medium-font-size\">&#8220;La prossima volta saremo felici&#8221; \u00e8 il titolo, geniale, di una raccolta di racconti pubblicata da Galata Edizioni nel 2017, nella quale l&#8217;autore, senza affidare la narrazione alla trama compiuta e articolata di un romanzo, sceglie di frammentarla in una serie di &#8220;cortometraggi letterari&#8221;, che danno conto di una realt\u00e0 resa variegata e multiforme dalle storie uniche e personali di ciascuno ma che allo stesso tempo \u00e8 percorsa da un <em>leitmotiv<\/em> che la rende unitaria: la fragilit\u00e0 e la fatica dell&#8217;essere umani.<\/p>\n\n\n\n<p class=\"has-medium-font-size\">Cos\u00ec il dolore personale dei vari personaggi che si incrociano nelle pagine del libro assurge a dolore dell&#8217;umanit\u00e0 tutta, per chi ha il coraggio di guardarlo in faccia e dargli un nome.<\/p>\n\n\n\n<p class=\"has-medium-font-size\">La chiusa, bellissima e commovente, richiama come un&#8217;eco il titolo dell&#8217;opera e ne offre la chiave di lettura.<\/p>\n\n\n\n<p class=\"has-medium-font-size\">Sul piano del significante \u00e8 l&#8217;epilogo ideale di una ricerca stilistica che fonde prosa e poesia fino alle pagine conclusive, in cui la scelta \u00e8 rovesciata e la poesia si fonde con la prosa. Cio\u00e8 la prosa lirica predominante diventa sul finale schiettamente poesia, ma a ben guardare lo stile resta il medesimo.<\/p>\n\n\n\n<p class=\"has-medium-font-size\">Le righe diventano versi ma hanno l&#8217;andamento della prosa e quasi ne mantengono anche l&#8217;aspetto grafico: i margini sono gli stessi, cambia solo il carattere col passaggio al corsivo.<\/p>\n\n\n\n<p class=\"has-medium-font-size\">I versi sono individuati dagli &#8220;a capo&#8221; ma sono liberi, sciolti e molto lunghi.<\/p>\n\n\n\n<p class=\"has-medium-font-size\">Il significante diventa a sua volta significato e forse ci suggerisce il rifiuto di un confine netto tra poesia e prosa, perch\u00e9 la vita stessa \u00e8 allo stesso tempo prosa e poesia e rifiuta di fatto e nei fatti l&#8217;ideale perfezione alla quale gli uomini aspirano, per lo pi\u00f9 celando a s\u00e9 stessi gli aspetti pi\u00f9 dolorosi, scomodi, inconfessabili e persino volgari dell&#8217;esistenza.<\/p>\n\n\n\n<p class=\"has-medium-font-size\"><em>Cantautore, poeta e scrittore di notevole caratura intellettuale e artistica, <\/em><strong><em>Oliviero Malaspina<\/em><\/strong><em> \u00e8 stato l&#8217;ultimo<\/em> collaboratore di Fabrizio De Andr\u00e9&#8230;<\/p>\n\n\n\n<p><strong>Per saperne di pi\u00f9 sull&#8217;autore clicca<\/strong> <a href=\"https:\/\/it.m.wikipedia.org\/wiki\/Oliviero_Malaspina\" target=\"_blank\" rel=\"noreferrer noopener\">qui<\/a><\/p>\n\n\n\n<p><strong>Per acquistare il libro clicca<\/strong> <a href=\"https:\/\/www.amazon.it\/prossima-volta-saremo-felici\/dp\/8895369505\" target=\"_blank\" rel=\"noreferrer noopener\">qui<\/a><\/p>\n\n\n\n<p><\/p>\n\n\n\n<p><em>I diritti delle opere citate sono dei rispettivi proprietari.<\/em><\/p>\n","protected":false},"excerpt":{"rendered":"<p>A cura di Barbara Cardinale &#8220;La prossima volta saremo felici&#8221; \u00e8 il titolo, geniale, di una raccolta di racconti pubblicata da Galata Edizioni nel 2017, nella quale l&#8217;autore, senza affidare la narrazione alla trama compiuta e articolata di un romanzo, sceglie di frammentarla in una serie di &#8220;cortometraggi letterari&#8221;, che danno conto di una realt\u00e0 &hellip; <\/p>\n<p class=\"link-more\"><a href=\"https:\/\/www.eikasia.it\/index.php\/2019\/02\/25\/recensione-la-prossima-volta-saremo-felici-la-raccolta-di-racconti-di-oliviero-malaspina\/\" class=\"more-link\">Leggi tutto<span class=\"screen-reader-text\"> &#8220;Recensione: La prossima volta saremo felici, la raccolta di racconti di Oliviero Malaspina&#8221;<\/span><\/a><\/p>\n","protected":false},"author":2,"featured_media":0,"comment_status":"open","ping_status":"open","sticky":false,"template":"","format":"standard","meta":{"footnotes":""},"categories":[8],"tags":[],"class_list":["post-292","post","type-post","status-publish","format-standard","hentry","category-recensioni"],"_links":{"self":[{"href":"https:\/\/www.eikasia.it\/index.php\/wp-json\/wp\/v2\/posts\/292","targetHints":{"allow":["GET"]}}],"collection":[{"href":"https:\/\/www.eikasia.it\/index.php\/wp-json\/wp\/v2\/posts"}],"about":[{"href":"https:\/\/www.eikasia.it\/index.php\/wp-json\/wp\/v2\/types\/post"}],"author":[{"embeddable":true,"href":"https:\/\/www.eikasia.it\/index.php\/wp-json\/wp\/v2\/users\/2"}],"replies":[{"embeddable":true,"href":"https:\/\/www.eikasia.it\/index.php\/wp-json\/wp\/v2\/comments?post=292"}],"version-history":[{"count":8,"href":"https:\/\/www.eikasia.it\/index.php\/wp-json\/wp\/v2\/posts\/292\/revisions"}],"predecessor-version":[{"id":1573,"href":"https:\/\/www.eikasia.it\/index.php\/wp-json\/wp\/v2\/posts\/292\/revisions\/1573"}],"wp:attachment":[{"href":"https:\/\/www.eikasia.it\/index.php\/wp-json\/wp\/v2\/media?parent=292"}],"wp:term":[{"taxonomy":"category","embeddable":true,"href":"https:\/\/www.eikasia.it\/index.php\/wp-json\/wp\/v2\/categories?post=292"},{"taxonomy":"post_tag","embeddable":true,"href":"https:\/\/www.eikasia.it\/index.php\/wp-json\/wp\/v2\/tags?post=292"}],"curies":[{"name":"wp","href":"https:\/\/api.w.org\/{rel}","templated":true}]}}