{"id":384,"date":"2019-03-12T17:11:58","date_gmt":"2019-03-12T16:11:58","guid":{"rendered":"https:\/\/www.eikasia.it\/?p=384"},"modified":"2019-04-22T17:23:21","modified_gmt":"2019-04-22T16:23:21","slug":"racconto-in-progress","status":"publish","type":"post","link":"https:\/\/www.eikasia.it\/index.php\/2019\/03\/12\/racconto-in-progress\/","title":{"rendered":"Incontro con la solitudine: racconto in progress&#8230;"},"content":{"rendered":"\n<h4 class=\"wp-block-heading\" style=\"text-align:right\">A cura di Zar@<\/h4>\n\n\n\n<figure class=\"wp-block-image\"><img decoding=\"async\" src=\"https:\/\/www.eikasia.it\/wp-content\/uploads\/2019\/03\/pencils-452238__4808988423498810553398.jpg\" alt=\"\"\/><\/figure>\n\n\n\n<p class=\"has-drop-cap has-medium-font-size\">Non so dire quando \u00e8 stato il momento preciso in cui ho preso coscienza di questa mia diversit\u00e0, forse non c&#8217;\u00e8 stato. Forse l&#8217;ho sempre percepita, fin da bambina, negli sguardi straniti e nelle parole dette o non dette delle persone intorno. Viviamo circondati di specchi, non riconoscersi \u00e8 impossibile.<\/p>\n\n\n\n<p class=\"has-medium-font-size\">Diversa, poi. Come se diversi non lo fossimo un tutti, ognuno con il proprio personalissimo assetto biologico e con il proprio vissuto.<\/p>\n\n\n\n<p class=\"has-medium-font-size\">Tuttavia c&#8217;\u00e8 sempre chi \u00e8 un po&#8217; pi\u00f9 diverso. Lo riconosci perch\u00e9 si isola volontariamente prima che venga isolato dagli altri. Si premunisce con la solitudine nei riguardi della solitudine.<\/p>\n\n\n\n<p class=\"has-medium-font-size\">S\u00ec, perch\u00e9 c&#8217;\u00e8 solitudine e solitudine. Per esempio c&#8217;\u00e8 quella scelta e quella subita. Distinguerle \u00e8 obiettivamente impossibile. Nondimeno ci si consola nell&#8217;illusione, nella menzogna della sua anticipazione volontaria.<\/p>\n\n\n\n<p class=\"has-medium-font-size\">Una volta sposata, la solitudine \u00e8 per sempre.<\/p>\n","protected":false},"excerpt":{"rendered":"<p>A cura di Zar@ Non so dire quando \u00e8 stato il momento preciso in cui ho preso coscienza di questa mia diversit\u00e0, forse non c&#8217;\u00e8 stato. Forse l&#8217;ho sempre percepita, fin da bambina, negli sguardi straniti e nelle parole dette o non dette delle persone intorno. Viviamo circondati di specchi, non riconoscersi \u00e8 impossibile. Diversa, &hellip; <\/p>\n<p class=\"link-more\"><a href=\"https:\/\/www.eikasia.it\/index.php\/2019\/03\/12\/racconto-in-progress\/\" class=\"more-link\">Leggi tutto<span class=\"screen-reader-text\"> &#8220;Incontro con la solitudine: racconto in progress&#8230;&#8221;<\/span><\/a><\/p>\n","protected":false},"author":2,"featured_media":0,"comment_status":"open","ping_status":"open","sticky":false,"template":"","format":"standard","meta":{"footnotes":""},"categories":[10],"tags":[],"class_list":["post-384","post","type-post","status-publish","format-standard","hentry","category-racconti"],"_links":{"self":[{"href":"https:\/\/www.eikasia.it\/index.php\/wp-json\/wp\/v2\/posts\/384","targetHints":{"allow":["GET"]}}],"collection":[{"href":"https:\/\/www.eikasia.it\/index.php\/wp-json\/wp\/v2\/posts"}],"about":[{"href":"https:\/\/www.eikasia.it\/index.php\/wp-json\/wp\/v2\/types\/post"}],"author":[{"embeddable":true,"href":"https:\/\/www.eikasia.it\/index.php\/wp-json\/wp\/v2\/users\/2"}],"replies":[{"embeddable":true,"href":"https:\/\/www.eikasia.it\/index.php\/wp-json\/wp\/v2\/comments?post=384"}],"version-history":[{"count":5,"href":"https:\/\/www.eikasia.it\/index.php\/wp-json\/wp\/v2\/posts\/384\/revisions"}],"predecessor-version":[{"id":478,"href":"https:\/\/www.eikasia.it\/index.php\/wp-json\/wp\/v2\/posts\/384\/revisions\/478"}],"wp:attachment":[{"href":"https:\/\/www.eikasia.it\/index.php\/wp-json\/wp\/v2\/media?parent=384"}],"wp:term":[{"taxonomy":"category","embeddable":true,"href":"https:\/\/www.eikasia.it\/index.php\/wp-json\/wp\/v2\/categories?post=384"},{"taxonomy":"post_tag","embeddable":true,"href":"https:\/\/www.eikasia.it\/index.php\/wp-json\/wp\/v2\/tags?post=384"}],"curies":[{"name":"wp","href":"https:\/\/api.w.org\/{rel}","templated":true}]}}