{"id":398,"date":"2019-03-17T21:09:16","date_gmt":"2019-03-17T20:09:16","guid":{"rendered":"https:\/\/www.eikasia.it\/?p=398"},"modified":"2019-04-22T17:23:00","modified_gmt":"2019-04-22T16:23:00","slug":"caro-pianeta-ti-scrivo","status":"publish","type":"post","link":"https:\/\/www.eikasia.it\/index.php\/2019\/03\/17\/caro-pianeta-ti-scrivo\/","title":{"rendered":"Caro pianeta ti scrivo&#8230;"},"content":{"rendered":"\n<h4 class=\"wp-block-heading\" style=\"text-align:right\">A cura di Zar@<\/h4>\n\n\n\n<figure class=\"wp-block-image\"><img decoding=\"async\" src=\"\/storage\/emulated\/0\/Download\/barley-field-1684052__480.jpg\" alt=\"\"\/><\/figure>\n\n\n\n<p class=\"has-drop-cap has-medium-font-size\">Il pianeta va salvato. L&#8217;incredibile scoperta si deve alla giovane attivista svedese di cui tanto si \u00e8 parlato in questi giorni. Nessuno se n&#8217;era accorto prima. N\u00e9 la politica n\u00e9 l&#8217;opinione pubblica.<\/p>\n\n\n\n<p class=\"has-medium-font-size\">Seguendo l&#8217;esempio della giovane Greta, il venerd\u00ec \u00e8 diventato per gli adolescenti di tutto il mondo il giorno delle manifestazioni per il clima e il pianeta.<\/p>\n\n\n\n<p class=\"has-medium-font-size\">Incredibile come un hashtag possa risvegliare coscienze e mobilitare masse di persone in tutto il mondo.<\/p>\n\n\n\n<p class=\"has-medium-font-size\">Anche l&#8217;ecologia richiede la giusta promozione per diventare tema interessante.<\/p>\n\n\n\n<p class=\"has-medium-font-size\">Passano sotto silenzio e vengono ignorati gli effetti del riscaldamento globale che sono davanti agli occhi di tutti, basti pensare agli eventi climatici di proporzioni inaudite che sempre pi\u00f9 spesso si verificano anche nel nostro Paese o alle tante persona malate di tumore o morte nelle aree pi\u00f9 inquinate.<\/p>\n\n\n\n<p class=\"has-medium-font-size\">A queste cose non segue alcuna mobilitazione o indignazione di massa. Non sono abbastanza social. Non sono abbastanza glamour.<\/p>\n\n\n\n<p class=\"has-medium-font-size\">Se non altro se ne parla, si dir\u00e0. Giusto. Chiss\u00e0 per quanto. Gli hashstag hanno un effetto grande ma di durata breve.<\/p>\n\n\n\n<p class=\"has-medium-font-size\">La vera coscienza ecologica richiede azioni concrete, difficili da mettere in campo per adulti e ragazzi, in un&#8217;epoca di consumismo e dipendenza da tecnologie che si alimentano dello sfruttamento ambientale e, spesso, umano.<\/p>\n\n\n\n<p class=\"has-medium-font-size\">Occorrerebbe adottare, individualmente e tutti insieme, la logica del meno. Rinunciare a qualcosa. A tanto.<\/p>\n\n\n\n<p class=\"has-medium-font-size\"><strong>Quanti sono davvero pronti a farlo?&nbsp;<\/strong><\/p>\n\n\n\n<figure class=\"wp-block-image\"><img loading=\"lazy\" decoding=\"async\" width=\"720\" height=\"480\" src=\"https:\/\/www.eikasia.it\/wp-content\/uploads\/2019\/03\/barley-field-1684052__4804252704055326154331.jpg\" alt=\"\" class=\"wp-image-397\" srcset=\"https:\/\/www.eikasia.it\/wp-content\/uploads\/2019\/03\/barley-field-1684052__4804252704055326154331.jpg 720w, https:\/\/www.eikasia.it\/wp-content\/uploads\/2019\/03\/barley-field-1684052__4804252704055326154331-300x200.jpg 300w\" sizes=\"auto, (max-width: 720px) 100vw, 720px\" \/><\/figure>\n","protected":false},"excerpt":{"rendered":"<p>A cura di Zar@ Il pianeta va salvato. L&#8217;incredibile scoperta si deve alla giovane attivista svedese di cui tanto si \u00e8 parlato in questi giorni. Nessuno se n&#8217;era accorto prima. N\u00e9 la politica n\u00e9 l&#8217;opinione pubblica. Seguendo l&#8217;esempio della giovane Greta, il venerd\u00ec \u00e8 diventato per gli adolescenti di tutto il mondo il giorno delle &hellip; <\/p>\n<p class=\"link-more\"><a href=\"https:\/\/www.eikasia.it\/index.php\/2019\/03\/17\/caro-pianeta-ti-scrivo\/\" class=\"more-link\">Leggi tutto<span class=\"screen-reader-text\"> &#8220;Caro pianeta ti scrivo&#8230;&#8221;<\/span><\/a><\/p>\n","protected":false},"author":2,"featured_media":0,"comment_status":"open","ping_status":"open","sticky":false,"template":"","format":"standard","meta":{"footnotes":""},"categories":[12],"tags":[],"class_list":["post-398","post","type-post","status-publish","format-standard","hentry","category-pensieri"],"_links":{"self":[{"href":"https:\/\/www.eikasia.it\/index.php\/wp-json\/wp\/v2\/posts\/398","targetHints":{"allow":["GET"]}}],"collection":[{"href":"https:\/\/www.eikasia.it\/index.php\/wp-json\/wp\/v2\/posts"}],"about":[{"href":"https:\/\/www.eikasia.it\/index.php\/wp-json\/wp\/v2\/types\/post"}],"author":[{"embeddable":true,"href":"https:\/\/www.eikasia.it\/index.php\/wp-json\/wp\/v2\/users\/2"}],"replies":[{"embeddable":true,"href":"https:\/\/www.eikasia.it\/index.php\/wp-json\/wp\/v2\/comments?post=398"}],"version-history":[{"count":4,"href":"https:\/\/www.eikasia.it\/index.php\/wp-json\/wp\/v2\/posts\/398\/revisions"}],"predecessor-version":[{"id":480,"href":"https:\/\/www.eikasia.it\/index.php\/wp-json\/wp\/v2\/posts\/398\/revisions\/480"}],"wp:attachment":[{"href":"https:\/\/www.eikasia.it\/index.php\/wp-json\/wp\/v2\/media?parent=398"}],"wp:term":[{"taxonomy":"category","embeddable":true,"href":"https:\/\/www.eikasia.it\/index.php\/wp-json\/wp\/v2\/categories?post=398"},{"taxonomy":"post_tag","embeddable":true,"href":"https:\/\/www.eikasia.it\/index.php\/wp-json\/wp\/v2\/tags?post=398"}],"curies":[{"name":"wp","href":"https:\/\/api.w.org\/{rel}","templated":true}]}}